{"id":1507,"date":"2021-06-22T23:11:50","date_gmt":"2021-06-22T23:11:50","guid":{"rendered":"https:\/\/sy-muffet.de\/?p=1507"},"modified":"2021-06-22T23:44:58","modified_gmt":"2021-06-22T23:44:58","slug":"corona-paranoia-wir-werden-von-kriminellen-regiert","status":"publish","type":"post","link":"https:\/\/sy-muffet.de\/?p=1507","title":{"rendered":"Corona Paranoia \/ Wir werden von Kriminellen regiert"},"content":{"rendered":"<p>Nicht nur so langsam, es reicht schon lange: Der Sumpf ist derartig gro\u00df, dass eine wie auch immer geartete &#8222;Heilung&#8220; innerhalb des Systems unm\u00f6glich erscheint.<\/p>\n<p>Nehmen wir heute mal das Beispiel &#8222;Intensivbettenbelegung&#8220;. Da werden die Finanzierungsgrundlagen im Herbst ge\u00e4ndert und niemand scheint eine Nebenwirkungsanalyse gemacht zu haben oder eher wahrscheinlich, es war klar dass es so kommt, aber es war gewollt. Mit der Regelung, dass es Zusch\u00fcsse dann gibt, wenn die Internsivstationen zu 75 % ausgelastet sind ist es klar, dass ab diesem Tag alle Intensivstationen zu 75 % ausgelastet sein werden. Das ist m\u00f6glich durch nicht melden freier Betten, durch Verlegen nicht intensivpflichtiger Patienten auf die Intensivstationen usw..<br \/>\nSo ist in Deutschland europaweit der prozentuale Anteil der Covidpatienten, die internsivpflichtig wurden, europaweit am h\u00f6chsten und die Verweildauer ist am l\u00e4ngsten&#8230;.<br \/>\nAber es kommt noch schlimmer: Diese Pseudo-Intensivbelegung wurde zur Grundlage von Bundesnotbremse und weiterem Unfug gemacht. Das wissen die Krankenhausverwaltungen nat\u00fcrlich und trotzdem, es ist schei\u00dfegal, ob die ganze Nation in den Knast muss, Hauptsache der Rubel rollt in die eigene Kasse. Das ist derma\u00dfen kriminell und menschenverachtend&#8230;.<br \/>\nWarum sitzen die Krankenhausmanager, denen das nachzuweisen ist, nicht bereits im Gef\u00e4ngnis??? Und das <strong>RKI<\/strong> wurde bereits <strong>seit langem gewarnt<\/strong>, dass die Zahlen nicht valide sind&#8230;.. Nicht valide Zahlen der &#8222;Corona-Toten&#8220;, nicht valide Zahlen der Intensivbelegung, nicht valide Zahlen durch PCR Tests, es ist ein Sumpf!<\/p>\n<p>Nat\u00fcrlich werden die Anh\u00e4nger der Covid Sekte das wieder nicht glauben wollen, hier einige Quellen:<\/p>\n<p><a href=\"https:\/\/www.youtube.com\/watch?v=0sBM7MVG8Lo\" target=\"_blank\" rel=\"noopener\">Auf Punkt Preradovic (youtube-Link)<\/a><br \/>\n<a href=\"https:\/\/www.bild.de\/video\/clip\/politik-inland\/hart-aber-weise-wie-der-intensivbetten-skandal-vertuscht-werden-soll-76777190-76778118.bild.html\" target=\"_blank\" rel=\"noopener\">Auf BILD.de<\/a><br \/>\nStern (Video von Youtube zensiert)<br \/>\n<a href=\"https:\/\/report24.news\/gesundheitsoekonom-schluesselt-zahlen-und-tricks-auf-intensivbettenmangel-gab-es-nie\/?feed_id=3057\" target=\"_blank\" rel=\"noopener\">Report24<\/a><br \/>\n<a href=\"https:\/\/auf1.tv\/aufrecht-auf1\/interview-mit-ddr-christian-fiala-klare-fakten-gegen-den-corona-betrug\/\" target=\"_blank\" rel=\"noopener\">und hier auf auf1.tv zum Corona Betrug<\/a><br \/>\nusw usw.<\/p>\n<p>Die <strong>Rechtssprechung<\/strong> versagt fast auf der ganzen Linie. Wir sind wieder da, wo wir vor knapp 100 Jahren schon mal waren. Hier ein Beitrag von RA Ralf Ludwig aus telegram:<\/p>\n<p><em>Ernst Fraenkel hat in seinem Buch &#8222;Der Doppelstaat&#8220; die Funktionsweise der Gerichte in der Zeit der nationalsozialistischen Herrschaft beschrieben. Diese Analyse wurde auch f\u00fcr die Rechtsprechung in der DDR genutzt und gilt weitgehend als Klassiker zur Beschreibung der Justiz in menschenrechtsverachtenden Staaten.<\/em><\/p>\n<p><em>Im Doppelstaat gibt es einen sogenannten <strong>Normenstaat<\/strong>. Dieser h\u00e4lt sich an die Gesetze und arbeitet juristisch, so wie wir es gewohnt sind. Daneben existiert ein sogenannter <strong>Ma\u00dfnahmenstaat<\/strong>. D.h. es gibt staatliche Ma\u00dfnahmen, die sich nicht an Verfassung und Grundordnung orientieren, sondern ein paralleles Eigenleben f\u00fchren.<\/em><br \/>\n<em>Es wird sich an Grundregeln nicht mehr gehalten, sondern einem &#8222;\u00fcbergeordneten Ziel&#8220; gefolgt. Das kann der Volksk\u00f6rper, die Volksgesundheit oder ZeroCovid sein.<\/em><br \/>\n<em>In diesem System urteilen Richter nicht mehr nach dem Recht des Normstaats sondern nach den &#8222;\u00fcbergeordneten Zielen&#8220;.<\/em><\/p>\n<p><em>Ein gutes Beispiel ist die Entscheidung des Verwaltungsgerichts Hannover vom 18. Juni 2021, das ich unten verlinke.<\/em><br \/>\n<em>&#8211; Das Verwaltungsgericht gew\u00e4hrt kein rechtliches Geh\u00f6r mehr.<\/em><br \/>\n<em>&#8211; Das Verwaltungsgericht nimmt an, dass sich die Beh\u00f6rde schon Gedanken \u00fcber seine Ma\u00dfnahmen gemacht haben wird. Vorgetragen werden m\u00fcssen diese Gedanken aber nicht mehr.<\/em><br \/>\n<em>&#8211; Das Verwaltungsgericht sieht selbst dann eine Gef\u00e4hrdung durch Corona, die Grundrechtseinschr\u00e4nkungen rechtfertigt, wenn die Inzidenz unter 10 ist. Nimmt also die Zahl 35 des Gesetzgebers gar nicht mehr wahr.<\/em><br \/>\n<em>&#8211; das Verwaltungsgericht geht davon aus, dass auf ma\u00dfnahmekritischen Versammlungen im wesentlichen ungeimpfte Personen sein werden. Ohne hierzu irgendeinen belastbaren Beweis zu haben.<\/em><br \/>\n<em>&#8211; Das Verwaltungsgericht ordnet entgegen dem gesetzlichen Wortlaut medizinische Masken an (MNB w\u00fcrden reichen), weil die Demonstranten Querdenker sind.<\/em><br \/>\n<em>&#8211; Eine Gefahrenprognose und eine Ber\u00fccksichtigung der tats\u00e4chlichen Lage ist nicht mehr notwendig, es wird aber vermutet, dass diese schon beachtet worden sein wird.<\/em><br \/>\n<em>Aus meiner Sicht ist diese Entscheidung in ihrer Begr\u00fcndung &#8211; in ihrem Ergebnis sowieso &#8211; ein Tiefpunkt der Ma\u00dfnahmenrechtsprechung in der Corona-Krise.<\/em><\/p>\n<p><em>Eine solche Art der Rechtsprechung finden wir eigentlich nur in den Geschichtsb\u00fcchern. Ich h\u00e4tte nie f\u00fcr m\u00f6glich gehalten, dass Menschen, die wie ich Rechtswissenschaft studiert haben, in der Lage sind, derart menschenverachtende Entscheidungen als Recht zu bezeichnen.<\/em><\/p>\n<p>Wen es interessiert der kann das Urteil googeln&#8230;. <strong>Information ist eine Holschuld!<br \/>\n<\/strong><a href=\"https:\/\/reitschuster.de\/post\/long-covid-bei-justitia\/\" target=\"_blank\" rel=\"noopener\">Noch erg\u00e4nzend ein Beitrag bei reitschuster<\/a><\/p>\n<p>Und wer immer noch glaubt, dass das alles an einem vorbei gehen wird, soll sich <strong>unbedingt<\/strong> bitte das <a href=\"https:\/\/uncutnews.ch\/wir-stehen-an-den-pforten-der-hoelle-ex-vizepraesident-von-pfizer-packt-aus-planet-lockdown-de\/\" target=\"_blank\" rel=\"noopener\">Interview von Dr. Michael Yeadon, Ex-Vize und Ex Forschungschef von Pfizer Pharma mit deutscher \u00dcbersetzung anschauen.<\/a><br \/>\nMehr braucht es nicht. Es ist alles Fake.<br \/>\nAuch die Aussagen von AGES (\u00f6sterreichisches RKI) Chef Allersperger sind eindeutig: <a href=\"https:\/\/report24.news\/ages-chef-allerberger-ohne-pcr-tests-waere-pandemie-niemandem-aufgefallen\/?feed_id=3133\" target=\"_blank\" rel=\"noopener\">Ohne PCR Tests w\u00e4re die &#8222;Pandemie&#8220; niemand aufgefallen<\/a><br \/>\nDass die PCR Tests, so wie sie angewendet werden, <a href=\"https:\/\/reitschuster.de\/post\/ergebnisse-der-pcr-tests-als-grundlage-fuer-pandemie-massnahmen-ungeeignet\/\" target=\"_blank\" rel=\"noopener\">M\u00fcll sind ist nun auch in D angekommen.<\/a><\/p>\n<p>Und der Gipfel ist das <a href=\"https:\/\/www.weforum.org\/agenda\/2019\/03\/a-surprising-number-of-people-trust-ai-to-make-better-policy-decisions-than-politicians\" target=\"_blank\" rel=\"noopener\">hier<\/a>. Das Weltwirtschaftsforum will die &#8222;demokratischen&#8220; Regierungen durch k\u00fcnstliche Intelligenz ersetzen&#8230;<br \/>\nEs sollte doch so langsam auch dem d\u00fcmmsten deutschen Schlafschaf auffallen, dass &#8222;da&#8220; irgendwas nicht stimmt&#8230;. Die Politik ist durch das Weltwirtschaftsforum komplett korrumpiert. <a href=\"https:\/\/auf1.tv\/krass-und-spass-auf1\/great-reset-was-und-wer-steckt-dahinter\/\" target=\"_blank\" rel=\"noopener\">Ein Kurz\u00fcberblick hier\u00a0<\/a><br \/>\noder hier:<\/p>\n<div style=\"width: 426px;\" class=\"wp-video\"><!--[if lt IE 9]><script>document.createElement('video');<\/script><![endif]-->\n<video class=\"wp-video-shortcode\" id=\"video-1507-1\" width=\"426\" height=\"234\" preload=\"metadata\" controls=\"controls\"><source type=\"video\/mp4\" src=\"https:\/\/sy-muffet.de\/wp-content\/uploads\/2021\/06\/WEF.mp4?_=1\" \/><a href=\"https:\/\/sy-muffet.de\/wp-content\/uploads\/2021\/06\/WEF.mp4\">https:\/\/sy-muffet.de\/wp-content\/uploads\/2021\/06\/WEF.mp4<\/a><\/video><\/div>\n<p>Das WWF ist die Interessenvertretung der Gro\u00dfkonzerne. Au\u00dferhalb jeder demokratischen Diskussion werden die Politiker in den Young global leaders Programmen korrumpiert. Das, was Al Kaida mit Waffengewalt macht, den Menschen ein System vorzuschreiben, das sie mit Sicherheit nicht wollen, macht das WWF durch Korrumpierung der Politiker und mit viel Geld. Deswegen unterscheidet sich das WWF nur durch die Wahl der Mittel von Al Kaida und wird von mir als gef\u00e4hrliche Terrororganisation bezeichnet.<br \/>\nPraktisch alle wesentliche Politiker in Europa waren in Schwabs &#8222;Kaderschmiede&#8220; (incl. Merkel, Macron, Spahn, Baerbock) und sollten deswegen kein politisches Amt mehr aus\u00fcben d\u00fcrfen.<\/p>\n<p>Und das neueste zum Maskenirrsinn: Die Masken sind unwirksam, sch\u00e4dlich und gef\u00e4hrlich, sagt eine deutsche <a href=\"https:\/\/de.medicusante.com\/translations\" target=\"_blank\" rel=\"noopener\">Metastudie<\/a>. Das Interview bei <a href=\"https:\/\/www.youtube.com\/watch?v=F9yFF6Y32L0\" target=\"_blank\" rel=\"noopener\">Punkt Preradovic hier<\/a><\/p>\n<p>Und abschlie\u00dfend zu den Impffolgen. <a href=\"https:\/\/www.wochenblick.at\/ominoese-delta-variante-fuer-geimpfte-toedlicher-als-fuer-ungeimpfte\/\" target=\"_blank\" rel=\"noopener\">F\u00fcr zweifachgeimpfte Personen ist das Sterberisiko bei einer Infektion mit der &#8222;Delta&#8220;-Variante um das sechsfache gr\u00f6\u00dfer als f\u00fcr Nichtgeimpfte.<\/a><br \/>\nDazu gibt es auch zahlreiche andere Quellen.<br \/>\nALLE &#8222;Verschw\u00f6rungstheorien&#8220; werden oder wurden bereits wahr&#8230;.Impfpflicht, digitaler Impfausweis, Untauglichkeit des PCR Tests, Gefahr bei Neuinfektion nach der &#8222;Impfung&#8220; usw usw.<br \/>\nMehrfach habe ich vor der Einf\u00fchrung digitaler Ausweise gewarnt. Dr. M.Yeadon erkl\u00e4rt im Video ober sehr gut, was passieren wird. Die einzig vern\u00fcnftige Erkl\u00e4rung, warum es in die Richtung geht: Die Politiker haben Angst vor ihren B\u00fcrgern, Angst, dass der Selbstbedienungsladen auffliegt&#8230;.<\/p>\n<p><img loading=\"lazy\" decoding=\"async\" class=\"alignnone wp-image-1513 size-full\" src=\"https:\/\/sy-muffet.de\/wp-content\/uploads\/2021\/06\/photo_2021-06-21_01-56-01.jpg\" alt=\"\" width=\"819\" height=\"1024\" srcset=\"https:\/\/sy-muffet.de\/wp-content\/uploads\/2021\/06\/photo_2021-06-21_01-56-01.jpg 819w, https:\/\/sy-muffet.de\/wp-content\/uploads\/2021\/06\/photo_2021-06-21_01-56-01-240x300.jpg 240w, https:\/\/sy-muffet.de\/wp-content\/uploads\/2021\/06\/photo_2021-06-21_01-56-01-768x960.jpg 768w\" sizes=\"(max-width: 819px) 100vw, 819px\" \/><\/p>\n","protected":false},"excerpt":{"rendered":"<p>Nicht nur so langsam, es reicht schon lange: Der Sumpf ist derartig gro\u00df, dass eine wie auch immer geartete &#8222;Heilung&#8220; [&hellip;]<\/p>\n","protected":false},"author":2,"featured_media":1509,"comment_status":"closed","ping_status":"open","sticky":false,"template":"","format":"standard","meta":{"footnotes":""},"categories":[1],"tags":[],"_links":{"self":[{"href":"https:\/\/sy-muffet.de\/index.php?rest_route=\/wp\/v2\/posts\/1507"}],"collection":[{"href":"https:\/\/sy-muffet.de\/index.php?rest_route=\/wp\/v2\/posts"}],"about":[{"href":"https:\/\/sy-muffet.de\/index.php?rest_route=\/wp\/v2\/types\/post"}],"author":[{"embeddable":true,"href":"https:\/\/sy-muffet.de\/index.php?rest_route=\/wp\/v2\/users\/2"}],"replies":[{"embeddable":true,"href":"https:\/\/sy-muffet.de\/index.php?rest_route=%2Fwp%2Fv2%2Fcomments&post=1507"}],"version-history":[{"count":7,"href":"https:\/\/sy-muffet.de\/index.php?rest_route=\/wp\/v2\/posts\/1507\/revisions"}],"predecessor-version":[{"id":1519,"href":"https:\/\/sy-muffet.de\/index.php?rest_route=\/wp\/v2\/posts\/1507\/revisions\/1519"}],"wp:featuredmedia":[{"embeddable":true,"href":"https:\/\/sy-muffet.de\/index.php?rest_route=\/wp\/v2\/media\/1509"}],"wp:attachment":[{"href":"https:\/\/sy-muffet.de\/index.php?rest_route=%2Fwp%2Fv2%2Fmedia&parent=1507"}],"wp:term":[{"taxonomy":"category","embeddable":true,"href":"https:\/\/sy-muffet.de\/index.php?rest_route=%2Fwp%2Fv2%2Fcategories&post=1507"},{"taxonomy":"post_tag","embeddable":true,"href":"https:\/\/sy-muffet.de\/index.php?rest_route=%2Fwp%2Fv2%2Ftags&post=1507"}],"curies":[{"name":"wp","href":"https:\/\/api.w.org\/{rel}","templated":true}]}}