{"id":444,"date":"2020-04-20T06:38:26","date_gmt":"2020-04-20T06:38:26","guid":{"rendered":"https:\/\/sy-muffet.de\/?p=444"},"modified":"2020-04-20T06:46:46","modified_gmt":"2020-04-20T06:46:46","slug":"wo-seid-ihr-denn","status":"publish","type":"post","link":"https:\/\/sy-muffet.de\/?p=444","title":{"rendered":"Wo seid ihr denn?"},"content":{"rendered":"<p>Fragt Angie die Herde: &#8222;Wollte ihr in euch in den Abgrund st\u00fcrzen?&#8220; &#8222;JA, schreit die Herde! Denn da ist es sicher!<\/p>\n<p>Wo bleibt die Intelligenz in Deutschland? Es gibt so viel intelligente Menschen in Deutschland, die wissen <strong>m\u00fcssen<\/strong>, dass das Corona-Theater nur eine l\u00e4cherliche Inszenierung ist. Da wurden wir allesamt Opfer der Modellierungsphantasien einiger weniger Wirrologen.<br \/>\nWo sind all die \u00c4rzte, Epidemiologen, Juristen, Wirtschaftswissenschaftler usw., die sich endlich aus der Deckung wagen und\u00a0 hier mal klar Stellung beziehen und den Politikern klar machen, <strong>dass die rote Linie \u00fcberschritten ist<\/strong>?<br \/>\nIch als Angeh\u00f6riger der Nachkriegsgeneration habe mich immer gefragt, wie 1933 m\u00f6glich war? Es wundert einen nichts mehr.<\/p>\n<p>Warum gibt es nicht mehr Klagen zur \u00dcberpr\u00fcfung der Verfassungsm\u00e4\u00dfigkeit der Ma\u00dfnahmen? Und wenn die Finanzierung ein Problem ist: Ich bin mir sicher, dass mittels Crowdfunding die notwendigen Mittel in k\u00fcrzester Zeit zu beschaffen w\u00e4ren.<\/p>\n<p>Es ist l\u00e4cherlich, wenn der Aufenthalt im Freien oder das <strong>Sitzen auf der Parkbank<\/strong> eine <strong>Straftat<\/strong> darstellt. Mir tun die Polizisten leid, die diesen Unsinn durchsetzen sollen. Wer auch nur den Rest eines gesunden Menschenverstandes hat, muss wissen, dass das absurd ist.<\/p>\n<p>So sieht es in D aus:<\/p>\n<figure id=\"attachment_445\" aria-describedby=\"caption-attachment-445\" style=\"width: 780px\" class=\"wp-caption alignnone\"><img loading=\"lazy\" decoding=\"async\" class=\"wp-image-445 size-large\" src=\"https:\/\/sy-muffet.de\/wp-content\/uploads\/2020\/04\/D-19_04-1024x464.png\" alt=\"\" width=\"780\" height=\"353\" srcset=\"https:\/\/sy-muffet.de\/wp-content\/uploads\/2020\/04\/D-19_04-1024x464.png 1024w, https:\/\/sy-muffet.de\/wp-content\/uploads\/2020\/04\/D-19_04-300x136.png 300w, https:\/\/sy-muffet.de\/wp-content\/uploads\/2020\/04\/D-19_04-768x348.png 768w, https:\/\/sy-muffet.de\/wp-content\/uploads\/2020\/04\/D-19_04.png 1358w\" sizes=\"(max-width: 780px) 100vw, 780px\" \/><figcaption id=\"caption-attachment-445\" class=\"wp-caption-text\">Die Welle ist vorbei (Quelle RKI, Corona Dashboard 19.04.2020)<\/figcaption><\/figure>\n<p>Jahrzehntelang werden wir alle f\u00fcr diesen groben Unfug bezahlen. Und wenn dann noch solche schwachsinnigen Dinge wie eine \u00dcberwachungs-App dazu kommen, dann werden wir eine derartige grundlegende \u00c4nderung der Gesellschaft in k\u00fcrzester Zeit erleben, die sich vor 6 Wochen niemand h\u00e4tte tr\u00e4umen lassen.<\/p>\n<p>Mit der \u00dcberwachungs-App wird die technologische Basis zum &#8222;digitalen&#8220; B\u00fcrger geschaffen. Ein <strong>extrem<\/strong> gef\u00e4hrliches Unterfangen. Und der Schafherde wird das als notwendiges \u00dcbel zum Aufheben der sinnlosen Restriktionen verkauft. Mehr Infos zum &#8222;digitalen B\u00fcrger&#8220; dazu demn\u00e4chst.<br \/>\nBilly der Wohlt\u00e4ter freut sich schon, da kommt wieder Kohle in die Kasse.<\/p>\n","protected":false},"excerpt":{"rendered":"<p>Fragt Angie die Herde: &#8222;Wollte ihr in euch in den Abgrund st\u00fcrzen?&#8220; &#8222;JA, schreit die Herde! Denn da ist es [&hellip;]<\/p>\n","protected":false},"author":2,"featured_media":446,"comment_status":"closed","ping_status":"open","sticky":false,"template":"","format":"standard","meta":{"footnotes":""},"categories":[1],"tags":[],"_links":{"self":[{"href":"https:\/\/sy-muffet.de\/index.php?rest_route=\/wp\/v2\/posts\/444"}],"collection":[{"href":"https:\/\/sy-muffet.de\/index.php?rest_route=\/wp\/v2\/posts"}],"about":[{"href":"https:\/\/sy-muffet.de\/index.php?rest_route=\/wp\/v2\/types\/post"}],"author":[{"embeddable":true,"href":"https:\/\/sy-muffet.de\/index.php?rest_route=\/wp\/v2\/users\/2"}],"replies":[{"embeddable":true,"href":"https:\/\/sy-muffet.de\/index.php?rest_route=%2Fwp%2Fv2%2Fcomments&post=444"}],"version-history":[{"count":3,"href":"https:\/\/sy-muffet.de\/index.php?rest_route=\/wp\/v2\/posts\/444\/revisions"}],"predecessor-version":[{"id":450,"href":"https:\/\/sy-muffet.de\/index.php?rest_route=\/wp\/v2\/posts\/444\/revisions\/450"}],"wp:featuredmedia":[{"embeddable":true,"href":"https:\/\/sy-muffet.de\/index.php?rest_route=\/wp\/v2\/media\/446"}],"wp:attachment":[{"href":"https:\/\/sy-muffet.de\/index.php?rest_route=%2Fwp%2Fv2%2Fmedia&parent=444"}],"wp:term":[{"taxonomy":"category","embeddable":true,"href":"https:\/\/sy-muffet.de\/index.php?rest_route=%2Fwp%2Fv2%2Fcategories&post=444"},{"taxonomy":"post_tag","embeddable":true,"href":"https:\/\/sy-muffet.de\/index.php?rest_route=%2Fwp%2Fv2%2Ftags&post=444"}],"curies":[{"name":"wp","href":"https:\/\/api.w.org\/{rel}","templated":true}]}}