{"id":765,"date":"2020-08-03T21:49:10","date_gmt":"2020-08-03T21:49:10","guid":{"rendered":"https:\/\/sy-muffet.de\/?p=765"},"modified":"2020-08-03T21:58:10","modified_gmt":"2020-08-03T21:58:10","slug":"corona-manipulationen-und-ab-in-die-hygienediktatur","status":"publish","type":"post","link":"https:\/\/sy-muffet.de\/?p=765","title":{"rendered":"Corona Manipulationen \/ &#8230;und ab in die Hygiene-Diktatur"},"content":{"rendered":"<p>Was f\u00fcr ein erb\u00e4rmliches Bild geben unsere Politiker (und Medien) ab. Da waren vor einigen Wochen die Black Lives Matter Demonstrationen. Unsere Politiker bezeugen Sympathie wie z.B. Frau Esken von der SPD twitterte. Da ging es ja auch um was, was nicht direkt im wesentlichen die BRD betrifft und der &#8222;Mob&#8220; konnte sich mal wieder austoben.<br \/>\nJetzt gehr es bei den Corona-Demos gegen die Ma\u00dfnahmen der Regierung und schwupps sind &#8222;Covidioten&#8220; auf der Strasse (Frau Esken).<\/p>\n<p><img loading=\"lazy\" decoding=\"async\" class=\"aligncenter wp-image-770 size-full\" src=\"https:\/\/sy-muffet.de\/wp-content\/uploads\/2020\/08\/Saskia-Esken-3.png\" alt=\"\" width=\"388\" height=\"463\" srcset=\"https:\/\/sy-muffet.de\/wp-content\/uploads\/2020\/08\/Saskia-Esken-3.png 388w, https:\/\/sy-muffet.de\/wp-content\/uploads\/2020\/08\/Saskia-Esken-3-251x300.png 251w\" sizes=\"(max-width: 388px) 100vw, 388px\" \/><\/p>\n<p>Jetzt ist es pl\u00f6tzlich &#8222;unverantwortlich&#8220; und &#8222;gef\u00e4hrdet die Erfolge im Kampf gegen die Pandemie&#8220;&#8230; Ich glaube, die Dame ist zu dumm, Statistiken und Tabellen lesen zu k\u00f6nnen. Was f\u00fcr ein heuchlerisches Pack unsere Politiker sind! Nach keiner der Demos gab es irgendwo auch nur einen einzigen dokumentierten Ansteckungsfall und bei der Vielzahl der Menschen h\u00e4tte es steigende Infiziertenzahlen geben m\u00fcssen, wenn das ein Problem w\u00e4re.<br \/>\n\u00dcber die berechtigten Anliegen der Demo in Berlin erf\u00e4hrt man in den &#8222;Qualit\u00e4tsmedien&#8220; aber nichts.<\/p>\n<p>Und natprlich wird jetzt in Berlin gleich dar\u00fcber diskutiert, wenn es solche &#8222;Covidioten&#8220; gibt, muss man leider leider das Demonstrationsrecht wohl wieder ganz aussetzen. China l\u00e4sst gr\u00fc\u00dfen.<\/p>\n<p>Daf\u00fcr l\u00fcgen diese &#8222;Qualit\u00e4tsmedien&#8220; wie gedruckt, angefangen mit der Zahl der Demonstranten und mit der st\u00e4ndigen Verunglimpfung derselben mit dem verzweifelten Versuch, diese irgendwie als &#8222;Rechtsradikale&#8220; darzustellen. Wer die Live-Bilder aus Berlin gesehen hat, wer da unterwegs war: Die Mitte der Gesellschaft, das Bildungsb\u00fcrgertum.<\/p>\n<figure id=\"attachment_772\" aria-describedby=\"caption-attachment-772\" style=\"width: 621px\" class=\"wp-caption alignnone\"><img loading=\"lazy\" decoding=\"async\" class=\"wp-image-772 size-full\" src=\"https:\/\/sy-muffet.de\/wp-content\/uploads\/2020\/08\/t-ONLINE.png\" alt=\"\" width=\"621\" height=\"160\" srcset=\"https:\/\/sy-muffet.de\/wp-content\/uploads\/2020\/08\/t-ONLINE.png 621w, https:\/\/sy-muffet.de\/wp-content\/uploads\/2020\/08\/t-ONLINE-300x77.png 300w\" sizes=\"(max-width: 621px) 100vw, 621px\" \/><figcaption id=\"caption-attachment-772\" class=\"wp-caption-text\">Eine Verzweiflungstat einen rechten &#8222;Zusammenhang&#8220; zu konstruieren (t-online) Geht es eigentlich noch d\u00fcmmer?<\/figcaption><\/figure>\n<p>Und dann haben wir ja noch immer eine &#8222;Pandemie nationaler Tragweite&#8220;. <strong>1200 von 1400 Krankenh\u00e4usern und Arzt- und Zahnarztpraxen haben f\u00fcr insgesamt 410 000 Besch\u00e4ftigte Kurzarbeit angemeldet<\/strong>.(Anfrage der Gr\u00fcnen im Bundestag)\u00a0 Mitten in der schlimmsten Gesundheitskrise?<br \/>\nUnd selbst <strong>Bestattungsunternehmer<\/strong> melden Kurzarbeit an (diverse Zeitungsberichte).<\/p>\n<p>Wenn es den Politikern um Gesundheit gehen w\u00fcrde, h\u00e4tten sie schon l\u00e4ngst t\u00e4tig werden k\u00f6nnen: Geld in Aufkl\u00e4rungs- und Sportprogramme gegen Herz- Kreislauferkrankungen stecken, mit mehreren 100 000 Todesf\u00e4llen in D mit Abstand das gr\u00f6\u00dfte Problem (und nicht ein &#8222;paar&#8220; Corona-Tote). Oder das Rauchen verbieten. Oder Alkohol. Oder was gegen Krankenhausinfektionen unternehmen (30 000 bis 40 000 Todesf\u00e4lle in D j\u00e4hrlich. Es ist und bleibt absurd.<\/p>\n<p>Ein interessantes Ergebnis noch aus den USA: Die S\u00e4ugling- und Kleinkindersterblichkeit sinkt dramatisch (um 30%). Vermutet wird das Aussetzen der in den USA \u00fcblichen Impfungen Corona bedingt. <a href=\"https:\/\/www.yamedo.de\/blog\/usa-saeuglingssterblichkeit-lockdown\/?fbclid=IwAR0FKMfDsXlRKFPpMAZTJ62reM6Y5KAuPFlM22QXwL89Ht51Q\" target=\"_blank\" rel=\"noopener noreferrer\">Weiterlesen&#8230;<\/a><br \/>\nDas w\u00e4re eine wahrlich interessante Fragestellung zu m\u00f6glichen Impffolgen bei Kleinkindern!<\/p>\n<p>Die Krankenh\u00e4user in D sind -wie schon die ganze Zeit- leer! Und selbst die Zahlen in den USA und in GB gab es alle schon mal zuvor, das ist immer noch nichts au\u00dfergew\u00f6hnliches. (siehe auch<a href=\"http:\/\/cidm.online\" target=\"_blank\" rel=\"noopener noreferrer\"> CoronaInitiative deutscher Mittelstand<\/a>)<br \/>\nEinfach mal au\u00dferhalb der &#8222;Qualit\u00e4tsmedien&#8220; recherchieren! Z.B. hier, eine sehr ausgewogene Darstellung, alles durchverlinkt auf entsprechende Studien bei <a href=\"https:\/\/swprs.org\/covid-19-hinweis-ii\/\" target=\"_blank\" rel=\"noopener noreferrer\">swiss policy research<\/a><\/p>\n<p>Um was geht es eigentlich, wenn es nicht um die Kontrolle einer Pandemie geht? Meiner Erachtens geht es um die Kontrolle der aufm\u00fcpfigen Untertanen durch dem Einstieg in digitale Ausweise.<br \/>\nWer nichts dar\u00fcber wei\u00df (auch Deutschland ist da gro\u00df dabei), soll einfach mal lesen. Selbstverst\u00e4ndlich auf den offiziellen Webseiten von<a href=\"https:\/\/id2020.org\/\" target=\"_blank\" rel=\"noopener noreferrer\"> ID2020,<\/a> <a href=\"https:\/\/ktdi.org\/\" target=\"_blank\" rel=\"noopener noreferrer\">KTDI.org\u00a0<\/a>, oder auch eines der Lieblingsprojekte der EU, der digitale <a href=\"https:\/\/ec.europa.eu\/commission\/presscorner\/detail\/de\/IP_18_3457\" target=\"_blank\" rel=\"noopener noreferrer\">Immunit\u00e4tsausweis\u00a0<\/a> (Herrr Spahn l\u00e4sst das einfach die EU machen, clever) oder googelt einfach &#8222;Roadmap vaccination EU&#8220;, gleich das erste Ergebnis.<br \/>\nUnd weiter geht es im Horrorkabinett: Das <a href=\"https:\/\/intelligence.weforum.org\/topics\/a1Gb0000000LHo6EAG?tab=publications\" target=\"_blank\" rel=\"noopener noreferrer\">Weltwirtschaftsforum hat auch so seine Ziele<\/a><br \/>\nEine Anleitung dazu, was die Seite des WWF unter anderem hergibt, in dem Video: (ab Minute 1:45): <a href=\"https:\/\/www.youtube.com\/watch?v=wYf-3PhzAJM&amp;feature=youtu.be\" target=\"_blank\" rel=\"noopener noreferrer\">https:\/\/www.youtube.com\/watch?v=wYf-3PhzAJM&amp;feature=youtu.be<\/a><\/p>\n<p>Nichts ist leichter zu kontrollieren als Menschen mit einer &#8222;digitalen Identit\u00e4t&#8220;, die zu allem gebraucht wird: Zum Vertr\u00e4ge abschlie\u00dfen, zum Reisen, zum Bezahlen usw usw.. Einfach ein paar H\u00e4kchen im Men\u00fc entfernt, und schon ist einer, der sich unbeliebt gemacht hat, handlungsunf\u00e4hig! Willkommen in der sch\u00f6nen neuen Normalit\u00e4t \u00e4h , Entschuldigung, Welt.<\/p>\n","protected":false},"excerpt":{"rendered":"<p>Was f\u00fcr ein erb\u00e4rmliches Bild geben unsere Politiker (und Medien) ab. Da waren vor einigen Wochen die Black Lives Matter [&hellip;]<\/p>\n","protected":false},"author":2,"featured_media":766,"comment_status":"closed","ping_status":"open","sticky":false,"template":"","format":"standard","meta":{"footnotes":""},"categories":[1],"tags":[],"_links":{"self":[{"href":"https:\/\/sy-muffet.de\/index.php?rest_route=\/wp\/v2\/posts\/765"}],"collection":[{"href":"https:\/\/sy-muffet.de\/index.php?rest_route=\/wp\/v2\/posts"}],"about":[{"href":"https:\/\/sy-muffet.de\/index.php?rest_route=\/wp\/v2\/types\/post"}],"author":[{"embeddable":true,"href":"https:\/\/sy-muffet.de\/index.php?rest_route=\/wp\/v2\/users\/2"}],"replies":[{"embeddable":true,"href":"https:\/\/sy-muffet.de\/index.php?rest_route=%2Fwp%2Fv2%2Fcomments&post=765"}],"version-history":[{"count":7,"href":"https:\/\/sy-muffet.de\/index.php?rest_route=\/wp\/v2\/posts\/765\/revisions"}],"predecessor-version":[{"id":780,"href":"https:\/\/sy-muffet.de\/index.php?rest_route=\/wp\/v2\/posts\/765\/revisions\/780"}],"wp:featuredmedia":[{"embeddable":true,"href":"https:\/\/sy-muffet.de\/index.php?rest_route=\/wp\/v2\/media\/766"}],"wp:attachment":[{"href":"https:\/\/sy-muffet.de\/index.php?rest_route=%2Fwp%2Fv2%2Fmedia&parent=765"}],"wp:term":[{"taxonomy":"category","embeddable":true,"href":"https:\/\/sy-muffet.de\/index.php?rest_route=%2Fwp%2Fv2%2Fcategories&post=765"},{"taxonomy":"post_tag","embeddable":true,"href":"https:\/\/sy-muffet.de\/index.php?rest_route=%2Fwp%2Fv2%2Ftags&post=765"}],"curies":[{"name":"wp","href":"https:\/\/api.w.org\/{rel}","templated":true}]}}