{"id":803,"date":"2020-08-21T16:00:41","date_gmt":"2020-08-21T16:00:41","guid":{"rendered":"https:\/\/sy-muffet.de\/?p=803"},"modified":"2020-08-21T21:39:10","modified_gmt":"2020-08-21T21:39:10","slug":"corona-manipulationen-die-pandemie-geht-auch-ohne-virus","status":"publish","type":"post","link":"https:\/\/sy-muffet.de\/?p=803","title":{"rendered":"Corona Manipulationen \/ Die Pandemie geht auch ohne Virus!"},"content":{"rendered":"<p>&#8222;Der Irrsinn ist zur Normalit\u00e4t geworden. Alle machen mit, keiner wei\u00df warum!&#8220; schreibt uns ein Freund. Ehrlich gesagt, kotzt es mich so langsam an, dass das verlogene Politiker-Pack einfach (ungestraft) weiter L\u00fcgen verbreiten kann und darf. Noch trauriger ist, dass die Corona-Sekte diesen Unsinn glaubt, das &#8222;betreute Denken&#8220; in den &#8222;Qualit\u00e4tsmedien&#8220; konsumiert und nicht bereit ist, wenigstens die Berichte des RKI vollst\u00e4ndig zu lesen oder sich au\u00dferhalb der &#8222;Qualit\u00e4tsmedien&#8220; mal zu informieren. Es tut garantiert nicht weh!<\/p>\n<p>Egal wie oft behauptet wird, dass die &#8222;Infektionszahlen&#8220; wieder ansteigen, <strong>es stimmt in D einfach nicht<\/strong> (wie in den meisten europ\u00e4ischen L\u00e4ndern).<br \/>\nObwohl der Bundeskrankheitsminister Spahn in einem Interview ja zugegeben hat, dass bei geringer Durchseuchung und zunehmender Testzahl man &#8222;aufpassen muss, da die Zahl falsch positiver Tests dann zunimmt&#8220;, wird genau dieses gemacht. Nachdem der Minister gerade davor gewarnt hat und genau dies nun tut, stellt sich langsam die Frage nach einer ernsten psychischen Erkrankung. Ohne Sinn und Verstand wird nun in der Breite getestet. Wenn man nicht gen\u00fcgend Dumme hat, die diesen Unsinn mitmachen, wird halt eine Testpflicht f\u00fcr Reiser\u00fcckkehrer angeordnet.<\/p>\n<p>Wie ist die Lage? Die &#8222;Infektionszahlen&#8220; steigen laut Presseberichten der &#8222;Qualit\u00e4tsmedien&#8220;. Diese haben \u00fcbrigens bis jetzt 220 Mio Euro vom Gesundheitsministerium f\u00fcr diverse Kampagnen erhalten. Kein Wunder dass die Berichterstattung &#8222;streamlined&#8220; ist.<\/p>\n<figure id=\"attachment_808\" aria-describedby=\"caption-attachment-808\" style=\"width: 1012px\" class=\"wp-caption alignnone\"><img loading=\"lazy\" decoding=\"async\" class=\"wp-image-808 size-full\" src=\"https:\/\/sy-muffet.de\/wp-content\/uploads\/2020\/08\/Zunahme-Testpos.png\" alt=\"\" width=\"1012\" height=\"564\" srcset=\"https:\/\/sy-muffet.de\/wp-content\/uploads\/2020\/08\/Zunahme-Testpos.png 1012w, https:\/\/sy-muffet.de\/wp-content\/uploads\/2020\/08\/Zunahme-Testpos-300x167.png 300w, https:\/\/sy-muffet.de\/wp-content\/uploads\/2020\/08\/Zunahme-Testpos-768x428.png 768w\" sizes=\"(max-width: 1012px) 100vw, 1012px\" \/><figcaption id=\"caption-attachment-808\" class=\"wp-caption-text\">&#8222;Testpositive&#8220; und Testanzahl<\/figcaption><\/figure>\n<p>Wie man sieht, steigen tats\u00e4chlich die &#8222;Testpositiven&#8220; an. Aber im Gleichklang steigen auch die Testzahlen an. <strong>Es ist nur interessant, wie sich die Zahl der &#8222;Testpositiven&#8220; im Verh\u00e4ltnis zur gesamten Testanzahl entwickelt, die absoluten Zahlen der &#8222;Testpositiven&#8220; ohne Zusammenhang, wie sie st\u00e4ndig in den &#8222;Qualit\u00e4tsmedien&#8220; und von den Politikern benutzt werden, sind ohne jede Bedeutung!<\/strong><\/p>\n<figure id=\"attachment_805\" aria-describedby=\"caption-attachment-805\" style=\"width: 1010px\" class=\"wp-caption alignnone\"><img loading=\"lazy\" decoding=\"async\" class=\"wp-image-805 size-full\" src=\"https:\/\/sy-muffet.de\/wp-content\/uploads\/2020\/08\/Faelle-Relativ-Grafik.png\" alt=\"\" width=\"1010\" height=\"586\" srcset=\"https:\/\/sy-muffet.de\/wp-content\/uploads\/2020\/08\/Faelle-Relativ-Grafik.png 1010w, https:\/\/sy-muffet.de\/wp-content\/uploads\/2020\/08\/Faelle-Relativ-Grafik-300x174.png 300w, https:\/\/sy-muffet.de\/wp-content\/uploads\/2020\/08\/Faelle-Relativ-Grafik-768x446.png 768w\" sizes=\"(max-width: 1010px) 100vw, 1010px\" \/><figcaption id=\"caption-attachment-805\" class=\"wp-caption-text\">Und hier die relativen Zahlen &#8211; es gibt keine Zunahme der &#8222;Infizierten&#8220; !!<\/figcaption><\/figure>\n<p>Und da es wieder einige aus der Corona-Sekte geben wird, die auch das nicht glauben, hier aus dem offiziellen <a href=\"https:\/\/www.rki.de\/DE\/Content\/InfAZ\/N\/Neuartiges_Coronavirus\/Situationsberichte\/Gesamt.html\" target=\"_blank\" rel=\"noopener noreferrer\">t\u00e4glichen Lagebericht des RKI\u00a0<\/a> vom 19.08.20<\/p>\n<figure id=\"attachment_806\" aria-describedby=\"caption-attachment-806\" style=\"width: 577px\" class=\"wp-caption alignnone\"><img loading=\"lazy\" decoding=\"async\" class=\"wp-image-806 size-full\" src=\"https:\/\/sy-muffet.de\/wp-content\/uploads\/2020\/08\/Relative-TEstergebnisse.png\" alt=\"\" width=\"577\" height=\"501\" srcset=\"https:\/\/sy-muffet.de\/wp-content\/uploads\/2020\/08\/Relative-TEstergebnisse.png 577w, https:\/\/sy-muffet.de\/wp-content\/uploads\/2020\/08\/Relative-TEstergebnisse-300x260.png 300w\" sizes=\"(max-width: 577px) 100vw, 577px\" \/><figcaption id=\"caption-attachment-806\" class=\"wp-caption-text\">Nur interessant: Anzahl der &#8222;Testpositiven&#8220; an der Gesamtzahl, gro\u00dfe Ellipse &#8211; KEIN ANSTIEG!<\/figcaption><\/figure>\n<p>Daf\u00fcr ist die Testanzahl auf aberwitzige 875 000 pro Woche gestiegen, d\u00fcrfte pro Woche mindestens 50 Mio Euro Kosten verursachen (wenn es denn reicht).<\/p>\n<p>Aber es kommt noch besser: Trotz der angeblich ansteigenden &#8222;Infektionszahlen&#8220; sinkt die Zahl der Hospitalisierten und die Zahl der Verstorbenen kontinuierlich. Wie geht das denn? Wir haben (fast) die zweite Welle laut unseren Politikern, aber kaum jemand ist im Krankenhaus oder verstirbt an Covid19!<\/p>\n<figure id=\"attachment_809\" aria-describedby=\"caption-attachment-809\" style=\"width: 1010px\" class=\"wp-caption alignnone\"><img loading=\"lazy\" decoding=\"async\" class=\"wp-image-809 size-full\" src=\"https:\/\/sy-muffet.de\/wp-content\/uploads\/2020\/08\/Verstorbene.png\" alt=\"\" width=\"1010\" height=\"564\" srcset=\"https:\/\/sy-muffet.de\/wp-content\/uploads\/2020\/08\/Verstorbene.png 1010w, https:\/\/sy-muffet.de\/wp-content\/uploads\/2020\/08\/Verstorbene-300x168.png 300w, https:\/\/sy-muffet.de\/wp-content\/uploads\/2020\/08\/Verstorbene-768x429.png 768w\" sizes=\"(max-width: 1010px) 100vw, 1010px\" \/><figcaption id=\"caption-attachment-809\" class=\"wp-caption-text\">Verstorbene und Intensivbehandelte<\/figcaption><\/figure>\n<p>Bei 2600 Verstorbenen t\u00e4glich in D haben wir zwischen 0 und 7 die an oder mit Covid 19 verstorben sind, das sind zwischen 0,0 Prozent und ca. 0,25 Prozent.<br \/>\nAber wir haben ja eine &#8222;epidemische Lage nationaler Tragweite&#8220;. Wenn es in 1400 Krankenh\u00e4usern in D gerade mal 224 Intensivpatienten gibt und kaum mehr jemand an dem Virus verstirbt, wie kann das trotz der vielen &#8222;Neuinfektionen&#8220; sein?<\/p>\n<p>Es gibt sicher mehrere M\u00f6glichkeiten, z.B. der Virus hat sich abgeschw\u00e4cht, oder es sind angeblich mehr junge &#8222;infiziert&#8220; oder -und das ist ganz sicher- der uns\u00e4gliche PCR-Test liefert jede Menge falsch positive Ergebnisse. Einen direkten Hinweis liefern auch die Zahlen aus Spanien im Beitragsbild oben: Trotz zahlreicher &#8222;Infektionen&#8220; (also Testpositiven&#8220; kaum Verstorbene! Es ist aber auch\u00a0 v\u00f6llig egal, es verstirbt kaum jemand mehr an oder mit Covid 19, also gibt es auch keine <strong>ernste Gefahr mehr<\/strong>.<br \/>\n<strong>DESWEGEN MUSS DIE EPIDEMISCHE LAGE NATIONALER TRAGWEITE SOFORT BEENDET WERDEN!<\/strong><br \/>\nDieses Ph\u00e4nomen tritt \u00fcbrigens weltweit auf, dass trotz dramatisch steigender &#8222;Infektionszahlen&#8220; die t\u00e4glichen Todesf\u00e4lle nicht im Gleichklang (zeitversetzt) mit ansteigen sondern gleich bleiben oder gar fallen.<\/p>\n<p>Im \u00dcbrigen zeigen ja gerade die BLM Demonstrationen sowie die Demo in Berlin mit mehreren 100 000 Menschen, dass es gerade keine Gefahr mehr gibt &#8211; denn im Nachklang gibt es nirgends ansteigende Hospitalisierungen oder gar Todesf\u00e4lle! (siehe oben)<\/p>\n<p>Erinnern wir uns, die erste &#8222;Welle&#8220; hat sich ohne gr\u00f6\u00dferes Zutun von alleine abgeschw\u00e4cht, die R-Zahl war schon vor dem Lockdown nachweislich laut RKI unter eins. Wieso sollte es nun pl\u00f6tzlich eine &#8222;exponentiellen Anstieg&#8220; geben, von dem einige Dummk\u00f6pfe immer noch fantasieren? Es gibt offensichtlich und gl\u00fccklicherweise eine (Teil) Immunit\u00e4t gegen SarsCov2 in weiten Teilen der Bev\u00f6lkerung (das ist \u00fcbrigens das, was Prof. Bhakdi schon immer sagt&#8230;.) hier ein Beitrag dazu:<a href=\"https:\/\/www.meinbezirk.at\/niederoesterreich\/c-lokales\/immunitaet-durch-fruehere-infektion-mit-corona-erkaeltungsviren-auch-von-deutschen-forschern-bestaetigt_a4169307\" target=\"_blank\" rel=\"noopener noreferrer\"> https:\/\/www.meinbezirk.at\/niederoesterreich\/c-lokales\/immunitaet-durch-fruehere-infektion-mit-corona-erkaeltungsviren-auch-von-deutschen-forschern-bestaetigt_a4169307<\/a><\/p>\n<p>Und zur Lage in Schweden: <a href=\"https:\/\/www.youtube.com\/watch?v=-PS9fWiCaLA\" target=\"_blank\" rel=\"noopener noreferrer\">https:\/\/www.youtube.com\/watch?v=-PS9fWiCaLA<\/a><\/p>\n<p><strong>Und deswegen ist auch eine hochgef\u00e4hrliche (mRNA) Impfung v\u00f6llig unsinnig!<br \/>\n<\/strong>Und was sagt unsere Regierung:<strong>&#8222;Die Pandemie endet, wenn es einen Impfstoff gibt&#8220;<\/strong><\/p>\n<p>Was gibt es noch in Corona Sachen?<br \/>\n<strong>Die v\u00f6llig unsinnige Maske muss weg! Mindestens 80 % der wissenschaftlichen Arbeiten sagt, dass diese v\u00f6llig unwirksam ist.<br \/>\nEs kann ja auch nichts bewirken, denn die Maske kann ja aus allem sein, hat keinerlei Qualit\u00e4tsanforderungen usw. Selbst ein Moskitonetz geht als Maske durch!<\/strong><br \/>\nStudie der CDC (USA, das RKI der USA sozusagen): <a href=\"https:\/\/wwwnc.cdc.gov\/eid\/article\/26\/5\/19-0994_article\" target=\"_blank\" rel=\"noopener noreferrer\">https:\/\/wwwnc.cdc.gov\/eid\/article\/26\/5\/19-0994_article<\/a><br \/>\nYoutube Video zur CDC Studie in Deutsch: <a href=\"https:\/\/www.youtube.com\/watch?v=BJAOLGxn7uI\" target=\"_blank\" rel=\"noopener noreferrer\">https:\/\/www.youtube.com\/watch?v=BJAOLGxn7uI<\/a><br \/>\nMaterialsammlung zum &#8222;Maskenball&#8220; <a href=\"https:\/\/telegra.ph\/Der-Maskenbetrug-ist-entzaubert-06-26\" target=\"_blank\" rel=\"noopener noreferrer\">https:\/\/telegra.ph\/Der-Maskenbetrug-ist-entzaubert-06-26<\/a><br \/>\nund noch hier: <a href=\"https:\/\/kaisertv.de\/2020\/08\/15\/maskenpflicht-quellen\/\" target=\"_blank\" rel=\"noopener noreferrer\">https:\/\/kaisertv.de\/2020\/08\/15\/maskenpflicht-quellen\/<\/a><br \/>\naktuell aus \u00d6sterreich:<a href=\"https:\/\/www.youtube.com\/watch?v=-_CpJyXx9Mo\" target=\"_blank\" rel=\"noopener noreferrer\"> https:\/\/www.youtube.com\/watch?v=-_CpJyXx9Mo<\/a><\/p>\n<p><strong>Die Maske ist der neue Gesslerhut,\u00a0<\/strong>vielleicht soll sich auch die Bev\u00f6lkerung dar\u00fcber aufregen, damit sie besch\u00e4ftigt ist und nicht anf\u00e4ngt \u00fcber den Sinn der Massnahmen generell nachzudenken&#8230;.?<\/p>\n<p>Familen wird mit Kindesentzug gedroht, wenn sie die Auflagen der Quarant\u00e4neverf\u00fcgungen nicht einhalten und mit der Unterbringung in geschlossenenn Abteilungen! Auflagen sind unter anderem, dass das (2j\u00e4hrige !) Kind 2 Wochen Mund Nasenschutz auch zu Hause tragen soll, an den gemeinsamen Essen m\u00f6glichst nicht teilnehmen soll usw.. Geht es noch? <strong>Willkommem in der faschistoiden Gesundheitsdiktatur<\/strong>!<\/p>\n<p>Einem Vater wurde mit dem Entzug des Erziehungsrechtes gedroht, da er wegen einer Teilnahme an der Berlin Demo am 1.8. &#8222;charakterlich nicht geeignet w\u00e4re&#8220;.<\/p>\n<p>Zudem geht mir die st\u00e4ndige L\u00f6scherei von Videos echt auf den Keks. Da werden h\u00e4ufig nur die Zahlen vom RKI dargestellt&#8230; oder \u00fcber Impfungen aufgekl\u00e4rt. In h\u00f6chstem Ma\u00dfe sachlich!<br \/>\nDas ist derartig l\u00e4cherliche Zensur, ich glaub so doof waren nicht mal die Nazis im dritten Reich.<br \/>\nUnd auch dieses Video wurde bei Youtube gel\u00f6scht und dem schweizer Sender mit der L\u00f6schung des Youtube Accounts gedroht: (schaut selbst)<br \/>\n<a href=\"https:\/\/qs24.tv\/wp-content\/uploads\/2020\/08\/Schiffman1_ganz_klein.m4v\" target=\"_blank\" rel=\"noopener noreferrer\">https:\/\/qs24.tv\/wp-content\/uploads\/2020\/08\/Schiffman1_ganz_klein.m4v<\/a><\/p>\n<p>Ach ja, die Qualit\u00e4tsmedien berichten ja so ausgewogen: <a href=\"https:\/\/www.youtube.com\/watch?v=V__UqJVP1rY\" target=\"_blank\" rel=\"noopener noreferrer\">Viva espana<\/a> (mit deutschen Untertiteln) oder auch bei <a href=\"https:\/\/www.wodarg.com\/\" target=\"_blank\" rel=\"noopener noreferrer\">www.wodarg.com<\/a><\/p>\n<p>Das Verwaltungsgericht Hannover weigert sich, ein Urteil hinsichtlich Schadenersatz wegen Lockdown und Quarant\u00e4nemassnahmen zu f\u00e4llen: Begr\u00fcndung: Die Kosten f\u00fcr den Staat w\u00e4ren m\u00f6glicherweise so hoch, dass es staatsgef\u00e4hrdend w\u00e4re. Das sollte die Politik entscheiden&#8230;. Also die, die diesen Unsinn angezettelt haben. Rechtsstaat adieu&#8230;<\/p>\n<p>Dann werden st\u00e4ndig in h\u00f6chster Panik Kitas und Schulen usw. geschlossen, wenn es irgendwo einen &#8222;Testpositiven&#8220; gibt. Das ist l\u00e4cherlich! Einfach nach Schweden schauen, es geht auch anders. Aber noch schlimmer, selbst wenn der Test falsch positiv war und ein Nachtest negativ ist, wird die Quarant\u00e4ne nicht aufgehoben&#8230;.???<br \/>\nLeute lasst euch ja <strong>NICHT<\/strong> testen, das kann unabsehbare Konsequenzen f\u00fcr euch und m\u00f6gliche Kontaktpersonen haben!<\/p>\n<p>Und noch ein paar ungekl\u00e4rte Fragen: Was passiert mit den DNA Informationen, die der Staat massenweise sammeln kann? Werden die Proben und Daten vernichtet? Wann und wie? Nichts ist gekl\u00e4rt!<\/p>\n<p><strong>ARD und ZDF<\/strong> entwickeln ein Corona Ballerspiel mit den Zwangs-GEZ Geb\u00fchren, wo eine Krankenschwester infizierte Kinder abballert&#8230;.<br \/>\nSiehe hier: <a href=\"https:\/\/www.youtube.com\/watch?v=N0brXmngFzw\" target=\"_blank\" rel=\"noopener noreferrer\">https:\/\/www.youtube.com\/watch?v=N0brXmngFzw<\/a><\/p>\n<p>Da muss die Stadt Sindelfingen bei der Kinder-Manipulation nat\u00fcrlich sofort mitmachen:<br \/>\nQuelle unter anderem: <a href=\"https:\/\/www.krzbb.de\/krz_52_111897547-13-_Ein-Buechlein-fuer-den-Neustart.html\" target=\"_blank\" rel=\"noopener noreferrer\">https:\/\/www.krzbb.de\/krz_52_111897547-13-_Ein-Buechlein-fuer-den-Neustart.html<\/a><br \/>\n<img loading=\"lazy\" decoding=\"async\" class=\"alignnone size-medium wp-image-807\" src=\"https:\/\/sy-muffet.de\/wp-content\/uploads\/2020\/08\/Stadt-Sindelfingen-300x277.png\" alt=\"\" width=\"300\" height=\"277\" srcset=\"https:\/\/sy-muffet.de\/wp-content\/uploads\/2020\/08\/Stadt-Sindelfingen-300x277.png 300w, https:\/\/sy-muffet.de\/wp-content\/uploads\/2020\/08\/Stadt-Sindelfingen.png 528w\" sizes=\"(max-width: 300px) 100vw, 300px\" \/><\/p>\n<p><img loading=\"lazy\" decoding=\"async\" class=\"size-medium wp-image-810 alignleft\" src=\"https:\/\/sy-muffet.de\/wp-content\/uploads\/2020\/08\/you-151415_1280-300x235.jpg\" alt=\"\" width=\"300\" height=\"235\" srcset=\"https:\/\/sy-muffet.de\/wp-content\/uploads\/2020\/08\/you-151415_1280-300x235.jpg 300w, https:\/\/sy-muffet.de\/wp-content\/uploads\/2020\/08\/you-151415_1280-1024x801.jpg 1024w, https:\/\/sy-muffet.de\/wp-content\/uploads\/2020\/08\/you-151415_1280-768x601.jpg 768w, https:\/\/sy-muffet.de\/wp-content\/uploads\/2020\/08\/you-151415_1280.jpg 1280w\" sizes=\"(max-width: 300px) 100vw, 300px\" \/><\/p>\n<p><strong>Was hast du getan<\/strong>, damit deine Kinder oder Enkel oder du (!) nicht in einer faschistoiden Gesundheitsdiktatur leben m\u00fcssen?<br \/>\nDamit nicht &#8222;Gesundheit&#8220; zuk\u00fcnftig aus allein selig machenden Impfungen besteht?<br \/>\nDamit Grundrechte nicht weiter eingeschr\u00e4nkt werden &#8211; ohne jede nachvollziehbare Begr\u00fcndung!<br \/>\nAuch vor knapp 100 Jahren wussten doch viele, dass da &#8222;was nicht stimmt&#8220;&#8230;..<br \/>\nHAST DU DICH AU\u00dfERHALB DER &#8222;QUALIT\u00c4TSMEDIEN&#8220; INFORMIERT?<\/p>\n<p>Geh mal auf Youtube: Alles ausser mainstream, PI Investor, Langemann Medien, 5 Ideen oder Samuel Eckert und schau vor allem bei <a href=\"https:\/\/www.wodarg.com\/\" target=\"_blank\" rel=\"noopener noreferrer\">www.wodarg.com<\/a> (alles durchverlinkt zu den Studien)<\/p>\n","protected":false},"excerpt":{"rendered":"<p>&#8222;Der Irrsinn ist zur Normalit\u00e4t geworden. Alle machen mit, keiner wei\u00df warum!&#8220; schreibt uns ein Freund. Ehrlich gesagt, kotzt es [&hellip;]<\/p>\n","protected":false},"author":2,"featured_media":804,"comment_status":"closed","ping_status":"open","sticky":false,"template":"","format":"standard","meta":{"footnotes":""},"categories":[1],"tags":[],"_links":{"self":[{"href":"https:\/\/sy-muffet.de\/index.php?rest_route=\/wp\/v2\/posts\/803"}],"collection":[{"href":"https:\/\/sy-muffet.de\/index.php?rest_route=\/wp\/v2\/posts"}],"about":[{"href":"https:\/\/sy-muffet.de\/index.php?rest_route=\/wp\/v2\/types\/post"}],"author":[{"embeddable":true,"href":"https:\/\/sy-muffet.de\/index.php?rest_route=\/wp\/v2\/users\/2"}],"replies":[{"embeddable":true,"href":"https:\/\/sy-muffet.de\/index.php?rest_route=%2Fwp%2Fv2%2Fcomments&post=803"}],"version-history":[{"count":6,"href":"https:\/\/sy-muffet.de\/index.php?rest_route=\/wp\/v2\/posts\/803\/revisions"}],"predecessor-version":[{"id":821,"href":"https:\/\/sy-muffet.de\/index.php?rest_route=\/wp\/v2\/posts\/803\/revisions\/821"}],"wp:featuredmedia":[{"embeddable":true,"href":"https:\/\/sy-muffet.de\/index.php?rest_route=\/wp\/v2\/media\/804"}],"wp:attachment":[{"href":"https:\/\/sy-muffet.de\/index.php?rest_route=%2Fwp%2Fv2%2Fmedia&parent=803"}],"wp:term":[{"taxonomy":"category","embeddable":true,"href":"https:\/\/sy-muffet.de\/index.php?rest_route=%2Fwp%2Fv2%2Fcategories&post=803"},{"taxonomy":"post_tag","embeddable":true,"href":"https:\/\/sy-muffet.de\/index.php?rest_route=%2Fwp%2Fv2%2Ftags&post=803"}],"curies":[{"name":"wp","href":"https:\/\/api.w.org\/{rel}","templated":true}]}}