{"id":827,"date":"2020-08-30T11:51:44","date_gmt":"2020-08-30T11:51:44","guid":{"rendered":"https:\/\/sy-muffet.de\/?p=827"},"modified":"2020-08-30T18:08:59","modified_gmt":"2020-08-30T18:08:59","slug":"corona-manipulationen-luegenpresse-oder-lueckenpresse","status":"publish","type":"post","link":"https:\/\/sy-muffet.de\/?p=827","title":{"rendered":"Corona Manipulationen \/ L\u00fcgenpresse oder L\u00fcckenpresse?"},"content":{"rendered":"<p>Wir sind immer noch in Santa Cruz de Tenerife, unter anderen weil wir den Wassermacher reparieren mussten (neue Menbran) und noch viele weitere Kleinigkeiten am Boot zu erledigen waren. Und weil wir hier ordentliches Internet haben, wenn auch kostenpflichtig.<\/p>\n<p>So war es m\u00f6glich, 3 LIvestreams der Demo in Berlin gleichzeitig anzuschauen und die Berichterstattung in den Medien dar\u00fcber.<br \/>Die Berichterstattung in den &#8222;Qualit\u00e4tsmedien&#8220; ist <strong>Bullshit<\/strong>. <strong>Riesiger Bullshit!<\/strong> (siehe T-Online oben). Ja, es gab einige vermutlich Rechte bei der Demo. Vielleicht -wenn \u00fcberhaupt- maximal insgesamt ein Prozent. Zudem muss man mal sehen, dass nicht nur Aufz\u00fcge und Demo von Querdenken angemeldet waren, sondern 100 weitere Gegendemonstrationen. Da wird es einigerma\u00dfen schwierig, wenn von &#8222;der Demo&#8220; berichtet wird.<\/p>\n<p>Was ist nun aber sicher? Sicher ist, dass der Aufzug von Querdenken mit ca 17 000 Menschen in der Friedrichstra\u00dfe von der Polizei zuerst blockiert wurde, dann lief der Zug von hinten auf und wurde dann eingekesselt. <strong>Danach\u00a0<\/strong>behauptet die Polizei, die Abst\u00e4nde w\u00fcrden nicht eingehalten, verordnete <strong>Maskenpflicht (die n\u00e4mlich laut Gerichtsbeschluss eben nicht vorgeschrieben waren!!) <\/strong>und l\u00f6ste den Aufzug widerrechtlich auf. Es kann ja nicht angehen, dass die Polizei die Lage hervorruft, die sie dann als Begr\u00fcndung f\u00fcr eine Aufl\u00f6sung her nimmt&#8230;..<br \/>Nachtrag: Das Bundesverfassungsgericht hat nachmittags das Blockieren des Zuges f\u00fcr rechtswidrig erkannt&#8230;. Da waren alle nat\u00fcrlich l\u00e4ngst weg&#8230;..<br \/>Zudem muss ich mal fragen, welche geistige Umnachtung die Polizeif\u00fchrung befallen hat, den Weiterweg und die Seitenstra\u00dfen abzuriegeln und 17 000 Menschen einzukesseln? Nichts aus der Love Parade in Duisburg gelernt? Oder absichtlich den Tod von Menschen in Kauf genommen bei einer m\u00f6glicherweise entstehenden Panik?<br \/>Die Hauptkundgebung lief aber wie geplant weiter, aber das wurde lange gar nicht berichtet&#8230; Es wurde nur berichtet &#8222;wurde aufgel\u00f6st&#8220;&#8230;&#8230;<br \/>Noch ein tolles Interview zum Demonstrationsrecht <a href=\"https:\/\/www.youtube.com\/watch?v=_hC57lspZDA&amp;feature=youtu.be\" target=\"_blank\" rel=\"noopener noreferrer\">hier mit H.Broder<\/a><\/p>\n<p><strong>Die Exekutive als h\u00e4ssliche Fratze der Hygienediktatur<\/strong><\/p>\n<p>Nachdem sich die Stadt Berlin mit ihrem SED Funktion\u00e4r und Musterdemokraten Geisel im Vorfeld schon zwei herbe Klatschen vor den Gerichten zu den Demoverboten abgeholt hatte, die die Untersagung einkassiert hatten, kommt es dann sp\u00e4t nachts noch besser.<br \/>Die Polizei r\u00e4umt das Camp der Gegner der Corona-Massnahmen, obwohl es f\u00fcr das Camp einen positiven Gerichtsbeschluss gibt. Der Einsatzleiter der Polizei sagt einfach, es interessiert ihn nicht und das kann man dann vor Gericht aushandeln. Das hei\u00dft im Klartext, die Polizei ignoriert Gerichtsbeschl\u00fcsse und macht, was sie (oder die Politik) will. <br \/>Obwohl die anwesenden Rechtsanw\u00e4lte die Polizisten auf das klar rechtswidrige Vorgehen hinweisen, wo sich die Polizisten strafrechtlich schuldig machen,\u00a0 wird weiter gemacht.<br \/>Ich hoffe sehr, dass in den nun folgenden Gerichtsverfahren und Strafanzeigen gegen die beteiligten Polizisten (so weit sie identifizierbar sind, denn die Polizeieinheiten aus Niedersachsen hatten alle die gleiche R\u00fcckennummer&#8230;..) die Stadt Berlin zu so hohen Schadenersatzzahlungen verurteilt wird, dass so etwas aufh\u00f6rt.<\/p>\n<p><strong>Berichterstattung in den Medien &#8211; ein Beispiel<\/strong><\/p>\n<p>Ein Fernsehteam der &#8222;Qualit\u00e4tsmedien&#8220; oder besser &#8222;Altmedien&#8220; steht bei einer Gruppe von ca 150 Personen, alles v\u00f6llig normale Menschen. Dann kommt eine komische Figur daher, der v\u00f6llig l\u00e4cherlich aufgemacht (verkleidet?) ist, den das Fernsehteam wohl f\u00fcr einen Rechtsradikalen h\u00e4lt. Der, genau der wird nun interviewt und der verschwindet nach dem Interview genau so schnell, wie er aufgetaucht ist&#8230;.. Es ist einfach nur l\u00e4cherlich, was die Pseudo-Journalisten abliefern.<\/p>\n<p>Dann wird einfach falsch berichtet &#8211; ohne Abstand und ohne Masken. Wow, was f\u00fcr Verbrecher. M\u00f6rder! Sie bringen und alle um! In Berlin gibt es keine Maskenpflicht im Freien und in den Demo-Auflagen des Gerichtsbeschlusses gibt es ebenfalls <strong>keine<\/strong> Maskenpflicht (die im\u00a0 Freien noch schwachsinniger ist als \u00fcberhaupt schon). Das wird nat\u00fcrlich nicht berichtet.<\/p>\n<p>Zwei kurze Videos zur Berichterstattung, es lohnt sich:<br \/><a href=\"https:\/\/www.youtube.com\/watch?v=wZ_5YBIosso\" target=\"_blank\" rel=\"noopener noreferrer\">https:\/\/www.youtube.com\/watch?v=wZ_5YBIosso<\/a><br \/><a href=\"https:\/\/www.youtube.com\/watch?v=MKgmU4Lz55U\" target=\"_blank\" rel=\"noopener noreferrer\">https:\/\/www.youtube.com\/watch?v=MKgmU4Lz55U<\/a><br \/>Ja, man muss heute Russia Today anschauen, um eine zutreffende Berichterstattung zu bekommen&#8230;.<br \/><a href=\"https:\/\/www.youtube.com\/watch?v=jMRaC-RhXKQ\" target=\"_blank\" rel=\"noopener noreferrer\">Noch ein Schnelldurchgang &#8222;wer war da&#8220;<\/a><\/p>\n<p><strong>Der Point of no return<\/strong><\/p>\n<p>Der Point of no return ist f\u00fcr die Politik schon l\u00e4ngst \u00fcberschritten. Statt bei der ersten Erkenntnis sinkender Zahlen (es war schon vor dem Lockdown klar, dass die R-Zahl unter 1 ist, sp\u00e4testens Anfang April musste es auch der D\u00fcmmste erkennen) anzufangen, einen Fahrplan f\u00fcr Lockerungen zu verfolgen, wurden unsinnige Massnahmen weiter gef\u00fcrt oder erst eingef\u00fchrt (Gesichtswindelpflicht).<br \/>Selbst jetzt wird davon geredet, dass wir mitten in der Pandemie sind, wo man angesichts der Zahlen am geistigen Gesundheiszustand derjenigen zweifeln darf, die so was von sich geben. Aber nun geht es um das politische \u00dcberleben. Deswegen wird weiter gelogen, Bullshit erz\u00e4hlt usw. in der Hoffnung, dass die Impfung die Politiker rettet. Diese Impfung soll nicht die Bev\u00f6lkerung retten, sondern allein die Politiker. Dann kann man die Pandemie, die schon lange nicht mehr existiert in D, f\u00fcr beendet erkl\u00e4ren.<br \/>F\u00fcr die Bev\u00f6lkerung besteht schon l\u00e4ngst keine relevante Gefahr mehr, zumindest nicht gr\u00f6\u00dfer als bei allen m\u00f6glichen anderen Krankheiten.<br \/>Das bedeutet, die Bev\u00f6lkerung wird mit einer v\u00f6llig unn\u00f6tigen (da ja sowieso bei den meisten eine Grundimmunit\u00e4t vorliegt) Impfung \u00fcberzogen, mit allen Risiken, die das bedeutet. Selbst wenn ein konventioneller Impfstoff extrem sicher sein sollte (vom v\u00f6llig kranken mRNA Impstoff rede ich nicht, das ist kriminell), wird bei den Massenimpfungen die Zahl der Impfsch\u00e4den viel gr\u00f6\u00dfer sein als die Zahl der Todesf\u00e4lle die wir in D haben&#8230;..<br \/>Und haften wird niemand. Bei 10 000 von &#8222;Verdachtsf\u00e4llen&#8220; f\u00fcr Impfsch\u00e4den in D in vielen Jahren wurden gerade mal 149 anerkannt &#8211; in der Regel nach unendlich langen Rechtsstreiten.<\/p>\n<p>Ach ja, es gibt ja keine Impfpflicht &#8211; aber es wird so kommen, dass man Reisen nur noch mit Impfung kann, und jenes und jenes usw usw.. Und da das Virus mutiert, muss man sich dann mehrmals im Jahr impfen lassen. Was f\u00fcr ein cleveres Gesch\u00e4ftsmodell! Danke Herr Spahn, nachgewissenerma\u00dfen (ehemaliger?) Pharmalobbyist. <br \/>Da stellen sich doch auch Fragen zur Masernimpfpflicht, bei gerade mal durchschnittlich einem Todesfall pro Jahr in D und sehr niedrigen Fallzahlen insgesamt. Zudem ist das eine mehrfach Impfpflicht, da es keinen Masernimpfstoff alleine gibt (in D, in anderen L\u00e4ndern schon).<\/p>\n<p><strong>Pandemie der Dummheit und der Feigheit<\/strong><\/p>\n<p>Es ist eine Pandemie der Dummheit und der Feigheit. Eine Pandemie der Dummheit, weil sich die Menschen immer noch von den &#8222;Qualit\u00e4tsmedien&#8220; belabern lassen (&#8222;waschen sie sich die H\u00e4nde, wir waschen ihr Gehirn&#8220;&#8230;.) und sich weigern, relevante Zahlen zur Kenntnis zu nehmen oder selbst zu recherchieren. Hier sind zur &#8222;Meinungsbildung&#8220; (besser Manipulation) hochbezahlte Werbefirmen und Spezialisten am Werk, die nach wissenschaftlichen Erkenntnissen der psychologischen Massenbeeinflussung &#8222;Meinung&#8220; erzeugen&#8230;.<br \/>Es ist eine Pandemie der Feigheit, weil es zu viele gibt, die klar erkennen, dass da &#8222;was nicht stimmt&#8220;, aber nicht den Mumm haben, mal die Klappe auf zu machen.<br \/>Das ist angesichts der extremen Polarisierung in der Gesellschaft mit Bedrohung der wirtschaftlichen Basis derjenigen, die es wagen, etwas gegen die verordnete Meinung zu sagen, nicht verwunderlich. Wo sind wir hin gekommen, dass Leute, die eine andere Meinung haben und diese sagen, in ihrer wirtschaftlichen Existenz bedroht werden? Daf\u00fcr gibt es nun unz\u00e4hlige Beispiele, eines der prominentesten d\u00fcrfte Prof. Homburg aus Hannover sein.<\/p>\n<p><strong>Der PCR Test<\/strong><\/p>\n<p>Der PCR Test ist eigentlich so etwas wie ein &#8222;Computerspiel&#8220;. Man hatte einen Miniausschnitt der RNA von m\u00f6glicherweise einem Virus und hat dann die &#8222;fehlenden&#8220; Teile einfach am Computer darum herum &#8222;gebastelt&#8220;.<br \/>Das Problem ist, dass PCR Tests grunds\u00e4tzlich zur <strong>Diagnostik <\/strong>nicht tauglich sind. Das steht auch auf jedem &#8222;Beipackzettel&#8220; der Tests schon drauf und darauf hat auch der Erfinder des PCR-Tests (der leider nicht mehr lebt) schon deutlich hingewiesen.<br \/>Der Test kann insbesondere <strong>keine Infektion <\/strong>nachweisen, sondern nur RNA Schnipsel eines Virus. Das bedeutet nicht, dass es vermehrungsf\u00e4hige Viren gibt, das bedeutet nicht, dass derjenige krank ist oder krank wird oder krank war, insbesondere bedeutet es nicht das, was medizinisch &#8222;Infektion&#8220; bedeutet. Infektion ist nicht das Vorhandensein von Viren (davon gibt es unendlich viele im K\u00f6rper), sondern (eine Immunantwort des K\u00f6rpers auf) eine \u00fcberm\u00e4\u00dfige Vermehrung der Viren.<br \/>Eigentlich kann der Test gar nichts. Er soll eigentlich dazu dienen, erg\u00e4nzende Informationen im Rahmen einer klinischen Diagnostik beizubringen, auf keinen Fall darf er als alleiniges Diagnostikmittel verwendet werden. Genau <strong>das<\/strong> wird aber gemacht und Millionen Leute damit in &#8222;Qurant\u00e4ne&#8220; gleich Freiheitsberaubung gesteckt.<\/p>\n<p>In den USA wird eine Klage nach dem Produkthaftungsgesetz gegen Prof. Drosten, die Charite, die WHO und die Hersteller der Tests vorbereitet &#8211; als Sammelklage. Wenn die durchgeht, ist es mit dem PCR Test und den involvierten Firmen schnell vorbei angesichts der geradezu irrsinnigen Schadensh\u00f6hen.<br \/>In D gibt es diese Sammelklagen nicht. Das hat die Deutschland AG, der Zusammenschluss von Gro\u00dfkonzernen, Lobbyisten und korrupten Politikern bisher erfolgreich verhindert.<br \/>Infos dazu <a href=\"https:\/\/www.youtube.com\/watch?v=x_sTEem7LG4\" target=\"_blank\" rel=\"noopener noreferrer\"><strong>hier<\/strong><\/a><\/p>\n<p><strong>Die Maskenpandemie<\/strong><\/p>\n<p>Und noch ein Video zur Wirksamkeit der Masken <a href=\"https:\/\/vimeo.com\/450084228\" target=\"_blank\" rel=\"noopener noreferrer\">hier (Link)<\/a><br \/>Und noch eines zu anderen Maskentypen: <a href=\"https:\/\/www.youtube.com\/watch?v=UNZff3guLRw\" target=\"_blank\" rel=\"noopener noreferrer\">https:\/\/www.youtube.com\/watch?v=UNZff3guLRw<\/a><\/p>\n<p>Vielleicht h\u00f6rt der infame Unsinn &#8222;ich sch\u00fctze dich &#8211; du sch\u00fctzst mich&#8220; endlich mal auf! <strong>Wer sich sch\u00fctzen m\u00f6chte, soll eine hochwertige FFP3 Maske aufsetzen, fertig.<\/strong><\/p>\n<p>Dass die Masken aber auch gar nichts helfen sieht man auch hier, an der au\u00dfergew\u00f6hnlich gro\u00dfen Verbreitung der Rhinoviren dieses Jahr. Diese verbreiten sich gleich wie SarsCov2, sollten sich aber dank der Maskentr\u00e4gerei nicht verbreiten k\u00f6nnen (!??) , wenn die Masken irgendwas aufhalten w\u00fcrden.<\/p>\n<p><img loading=\"lazy\" decoding=\"async\" class=\"alignnone wp-image-831 size-full\" src=\"https:\/\/sy-muffet.de\/wp-content\/uploads\/2020\/08\/Sentinel-2020.png\" alt=\"\" width=\"991\" height=\"565\" srcset=\"https:\/\/sy-muffet.de\/wp-content\/uploads\/2020\/08\/Sentinel-2020.png 991w, https:\/\/sy-muffet.de\/wp-content\/uploads\/2020\/08\/Sentinel-2020-300x171.png 300w, https:\/\/sy-muffet.de\/wp-content\/uploads\/2020\/08\/Sentinel-2020-768x438.png 768w\" sizes=\"(max-width: 991px) 100vw, 991px\" \/><\/p>\n<p>Zum Vergleich 2018 und 2019<\/p>\n<p><img loading=\"lazy\" decoding=\"async\" class=\"alignnone wp-image-829 size-full\" src=\"https:\/\/sy-muffet.de\/wp-content\/uploads\/2020\/08\/Sentinel-2018.png\" alt=\"\" width=\"974\" height=\"559\" srcset=\"https:\/\/sy-muffet.de\/wp-content\/uploads\/2020\/08\/Sentinel-2018.png 974w, https:\/\/sy-muffet.de\/wp-content\/uploads\/2020\/08\/Sentinel-2018-300x172.png 300w, https:\/\/sy-muffet.de\/wp-content\/uploads\/2020\/08\/Sentinel-2018-768x441.png 768w\" sizes=\"(max-width: 974px) 100vw, 974px\" \/><\/p>\n<p><img loading=\"lazy\" decoding=\"async\" class=\"alignnone wp-image-830 size-full\" src=\"https:\/\/sy-muffet.de\/wp-content\/uploads\/2020\/08\/Sentinel-2019.png\" alt=\"\" width=\"994\" height=\"567\" srcset=\"https:\/\/sy-muffet.de\/wp-content\/uploads\/2020\/08\/Sentinel-2019.png 994w, https:\/\/sy-muffet.de\/wp-content\/uploads\/2020\/08\/Sentinel-2019-300x171.png 300w, https:\/\/sy-muffet.de\/wp-content\/uploads\/2020\/08\/Sentinel-2019-768x438.png 768w\" sizes=\"(max-width: 994px) 100vw, 994px\" \/><\/p>\n<p><strong>Vergleich mit Schweden<\/strong><\/p>\n<p>W\u00e4hrend hier schwere gesellschaftliche Konfikte aufbrechen, haben die Schweden bei mittlerer &#8222;Todeslast&#8220; im internationalen Vergleich Ruhe im Land. Keine Masken, Schulen offen (die meisten die ganze Zeit), aber vor allem d\u00fcrfte das Thema in Schweden mit einer Herdenimmunit\u00e4t weitgehend durch sein. Die Schweden nehmen an, dass sie eine anhaltende R Zahl von um die 2 hatten, das w\u00fcrde auch rechnerisch die notwendige &#8222;Durchseuchung&#8220;\u00a0 ergeben.<br \/>Dagegen scheinen die Suppressionsstrategien der Lockdown L\u00e4nder wenig erfolgreich zu sein, da es in einigen nun doch wieder gering steigende (auch relative) Zahlen gibt. Noch mal: Die absolute Zahl der &#8222;Testpositiven&#8220; sagt gar nichts, auch wenn sie von allen <strong>Medien<\/strong> und der <strong>Politik<\/strong> zur Begr\u00fcndung von &#8222;Massnahmen&#8220; in kriminellster Weise verwendet wird.<br \/>(Nochmal: Geht einer in den Wald und sucht Himbeeren, findet er weniger, wie wenn 10 in den Wald gehen&#8230; Es gibt trotzdem nicht mehr Himbeeren&#8230;.)<br \/>Ein kurzes Video dazu (auch zur Situation in New York) hier:<a href=\"https:\/\/www.youtube.com\/watch?v=n9LAGdBVSkQ\" target=\"_blank\" rel=\"noopener noreferrer\"> https:\/\/www.youtube.com\/watch?v=n9LAGdBVSkQ<\/a><\/p>\n<p>Es d\u00fcrfte vermutlich ein extrem schwerer Fehler gewesen sein, Schulen und Universit\u00e4ten zu schlie\u00dfen, zumindest in D, wo das Gesundheitssystem niemals auch nur ausgelastet war. So wurde -wie in anderen L\u00e4ndern auch- eine weitere Immunit\u00e4tsverbreitung in der Bev\u00f6lkerung in <strong>wenig gef\u00e4hrdeten Gruppen<\/strong> verhindert, was sich nun eventuell r\u00e4cht. Da das Virus sich nun aber offensichtlich in den j\u00fcngeren Bev\u00f6lkerungsgruppen jetzt doch verbreitet, wird diese Effekt nun &#8222;nachgeholt&#8220; &#8211; mit der ganzen Panik&#8230;..<br \/><strong>It peaks and it goes<\/strong> (Prof Knut Wittkowski) , nicht zynisch, sondern realistisch.<br \/>Im \u00fcbrigen: Soweit mir bekannt gab es auch in den USA wie in allen L\u00e4ndern einen Peak mit deutlicher \u00dcbersterblichkeit &#8211; aber das ist alles schon l\u00e4ngst vorbei, inzwischen sind die Sterbezahlen l\u00e4ngst wieder auf <strong>durchschnittlichem Niveau<\/strong>. Und das ist <strong>nicht<\/strong> das Merkmal einer Pandemie!<\/p>\n<figure id=\"attachment_833\" aria-describedby=\"caption-attachment-833\" style=\"width: 978px\" class=\"wp-caption alignnone\"><img loading=\"lazy\" decoding=\"async\" class=\"wp-image-833 size-full\" src=\"https:\/\/sy-muffet.de\/wp-content\/uploads\/2020\/08\/Divi-Intensiv.png\" alt=\"\" width=\"978\" height=\"562\" srcset=\"https:\/\/sy-muffet.de\/wp-content\/uploads\/2020\/08\/Divi-Intensiv.png 978w, https:\/\/sy-muffet.de\/wp-content\/uploads\/2020\/08\/Divi-Intensiv-300x172.png 300w, https:\/\/sy-muffet.de\/wp-content\/uploads\/2020\/08\/Divi-Intensiv-768x441.png 768w\" sizes=\"(max-width: 978px) 100vw, 978px\" \/><figcaption id=\"caption-attachment-833\" class=\"wp-caption-text\">Man beachte auch die -nicht vorhandene- Auslastung durch Covid19 Patienten<\/figcaption><\/figure>\n<p><strong>Die Blaupause f\u00fcr die n\u00e4chsten Jahre?<\/strong><\/p>\n<p>Leute zieht euch warm an. Wenn das die Blaupause f\u00fcr die kommenden Grippesaisons ist, dann kann man alle demokratischen Grundrechte jederzeit mit dem Infektionsschutzgesetz aushebeln. Eine &#8222;Welle&#8220; mit \u00e4hnlicher &#8222;Gef\u00e4hrlichkeit&#8220; findet sich bald jedes Jahr.<br \/>Einige Zitate (&#8222;fremde Federn&#8220;):<\/p>\n<p>&#8222;Wer nicht handelt wird behandelt&#8220;<\/p>\n<p>&#8222;Wer nichts wei\u00df, muss alles glauben&#8220;<\/p>\n<p>&#8222;Wer in der Demokratie schl\u00e4ft, wacht in der Diktatur auf&#8220; <br \/>(haben wir alles als selbstverst\u00e4ndlich angenommen und geschlafen?)<\/p>\n<p>Zensur heisst jetzt Faktencheck<\/p>\n<p>Eine L\u00fcge ist eine L\u00fcge,<br \/>zwei sind L\u00fcgen<br \/>aber drei sind Politik (J\u00fcdisches Sprichwort)<\/p>\n<p>\u00a0<\/p>\n\n\n<p><\/p>\n","protected":false},"excerpt":{"rendered":"<p>Wir sind immer noch in Santa Cruz de Tenerife, unter anderen weil wir den Wassermacher reparieren mussten (neue Menbran) und [&hellip;]<\/p>\n","protected":false},"author":2,"featured_media":832,"comment_status":"closed","ping_status":"open","sticky":false,"template":"","format":"standard","meta":{"footnotes":""},"categories":[1],"tags":[],"_links":{"self":[{"href":"https:\/\/sy-muffet.de\/index.php?rest_route=\/wp\/v2\/posts\/827"}],"collection":[{"href":"https:\/\/sy-muffet.de\/index.php?rest_route=\/wp\/v2\/posts"}],"about":[{"href":"https:\/\/sy-muffet.de\/index.php?rest_route=\/wp\/v2\/types\/post"}],"author":[{"embeddable":true,"href":"https:\/\/sy-muffet.de\/index.php?rest_route=\/wp\/v2\/users\/2"}],"replies":[{"embeddable":true,"href":"https:\/\/sy-muffet.de\/index.php?rest_route=%2Fwp%2Fv2%2Fcomments&post=827"}],"version-history":[{"count":19,"href":"https:\/\/sy-muffet.de\/index.php?rest_route=\/wp\/v2\/posts\/827\/revisions"}],"predecessor-version":[{"id":858,"href":"https:\/\/sy-muffet.de\/index.php?rest_route=\/wp\/v2\/posts\/827\/revisions\/858"}],"wp:featuredmedia":[{"embeddable":true,"href":"https:\/\/sy-muffet.de\/index.php?rest_route=\/wp\/v2\/media\/832"}],"wp:attachment":[{"href":"https:\/\/sy-muffet.de\/index.php?rest_route=%2Fwp%2Fv2%2Fmedia&parent=827"}],"wp:term":[{"taxonomy":"category","embeddable":true,"href":"https:\/\/sy-muffet.de\/index.php?rest_route=%2Fwp%2Fv2%2Fcategories&post=827"},{"taxonomy":"post_tag","embeddable":true,"href":"https:\/\/sy-muffet.de\/index.php?rest_route=%2Fwp%2Fv2%2Ftags&post=827"}],"curies":[{"name":"wp","href":"https:\/\/api.w.org\/{rel}","templated":true}]}}